{"id":5021,"date":"2022-09-06T16:13:18","date_gmt":"2022-09-06T15:13:18","guid":{"rendered":"https:\/\/recettes.keke-geek.fr\/?p=5021"},"modified":"2022-09-06T16:13:18","modified_gmt":"2022-09-06T15:13:18","slug":"tarte-aux-fruits-rouges-a-la-vanille-de-madagascar","status":"publish","type":"post","link":"https:\/\/recettes.keke-geek.fr\/?p=5021","title":{"rendered":"tarte aux fruits rouges \u00e0 la vanille de Madagascar"},"content":{"rendered":"\n<figure class=\"wp-block-image\"><img decoding=\"async\" src=\"https:\/\/static.wixstatic.com\/media\/55988d_0a27445c37d44fee90516372d8586f0e~mv2.jpg\/v1\/fill\/w_360,h_480,al_c,q_80,usm_0.66_1.00_0.01,enc_auto\/55988d_0a27445c37d44fee90516372d8586f0e~mv2.jpg\" alt=\"\"\/><\/figure>\n\n\n\n<p id=\"viewer-a41s9\"><strong>Pour une Tarte de 24cm<\/strong><\/p>\n\n\n\n<p id=\"viewer-iqsd\"><strong>Ingr\u00e9dients<\/strong><\/p>\n\n\n\n<p id=\"viewer-e9nhi\"><strong>Pour le sabl\u00e9 breton Pour le confit de fruits rouges<\/strong><\/p>\n\n\n\n<p id=\"viewer-chdam\">200g de farine 200g de fruits rouges surgel\u00e9s<\/p>\n\n\n\n<p id=\"viewer-6laee\">150g de beurre 40g de sucre<\/p>\n\n\n\n<p id=\"viewer-4gob7\">120g de sucre 10g de Vitpris<\/p>\n\n\n\n<p id=\"viewer-9248d\">3 jaunes d\u2019\u0153ufs<\/p>\n\n\n\n<p id=\"viewer-5tv5n\">1 sachet de levure chimique<\/p>\n\n\n\n<p id=\"viewer-71khd\">3 pinc\u00e9es de fleur de sel<\/p>\n\n\n\n<p id=\"viewer-er74n\"><strong>Pour la cr\u00e8me p\u00e2tissi\u00e8re Pour la garniture<\/strong><\/p>\n\n\n\n<p id=\"viewer-746el\">445g de lait entier<\/p>\n\n\n\n<p id=\"viewer-5nfld\">4 jaunes d\u2019\u0153ufs<\/p>\n\n\n\n<p id=\"viewer-15tms\">75g de sucre<\/p>\n\n\n\n<p id=\"viewer-9oau9\">45g de ma\u00efzena<\/p>\n\n\n\n<p id=\"viewer-etf92\">10g de farine<\/p>\n\n\n\n<p id=\"viewer-5m20s\">45g de beurre<\/p>\n\n\n\n<p id=\"viewer-a15oe\">1 gousse de vanille<\/p>\n\n\n\n<p id=\"viewer-1af6d\"><strong>Pour la garniture<\/strong><\/p>\n\n\n\n<p id=\"viewer-112o1\">250g de framboises<\/p>\n\n\n\n<p id=\"viewer-3kdk6\">250g de fraises<\/p>\n\n\n\n<p id=\"viewer-f4a2b\">10 m\u00fbres<\/p>\n\n\n\n<p id=\"viewer-c5u6e\">125g de groseilles<\/p>\n\n\n\n<p id=\"viewer-5vvvm\"><strong>Le d\u00e9roul\u00e9 :<\/strong><\/p>\n\n\n\n<p id=\"viewer-8489n\"><strong>La veille : Pr\u00e9paration de la cr\u00e8me p\u00e2tissi\u00e8re et du confit de fruits rouges<\/strong><\/p>\n\n\n\n<p id=\"viewer-67o8v\"><strong>Jour J : Pr\u00e9paration du sabl\u00e9 breton&amp; r\u00e9alisation de la tarte<\/strong><\/p>\n\n\n\n<p id=\"viewer-b4m2c\"><strong>La veille : Pr\u00e9paration de la cr\u00e8me p\u00e2tissi\u00e8re<\/strong><\/p>\n\n\n\n<p id=\"viewer-d2mus\">1\/ Dans un bol d&rsquo;eau froide, faire ramollir la g\u00e9latine.<\/p>\n\n\n\n<p id=\"viewer-a2mhd\">2\/ Dans une casserole, faire bouillir le lait avec la gousse de vanille gratt\u00e9e.<\/p>\n\n\n\n<p id=\"viewer-1h68c\">3\/ Dans un bol, fouetter les jaunes d&rsquo;\u0153ufs avec le sucre, ma\u00efzena et farine.<\/p>\n\n\n\n<p id=\"viewer-1m1lp\">4\/ \u00c0 \u00e9bullition, verser en deux fois sur le m\u00e9lange \u0153ufs\/sucre\/farines, m\u00e9langer, puis transvaser dans la casserole et laisser \u00e9paissir \u00e0 feu doux.<\/p>\n\n\n\n<p id=\"viewer-ch5fl\">5\/ Ajouter le beurre coup\u00e9 en petits d\u00e9s, la g\u00e9latine essor\u00e9e, m\u00e9langer, puis filmer au contact avec du film alimentaire, laisser refroidir et placer au frais toute une nuit.<\/p>\n\n\n\n<figure class=\"wp-block-image\"><img decoding=\"async\" src=\"https:\/\/static.wixstatic.com\/media\/55988d_0ac860854fb94b5887b429efb93660be~mv2.png\/v1\/fill\/w_216,h_265,al_c,lg_1,q_85,enc_auto\/55988d_0ac860854fb94b5887b429efb93660be~mv2.png\" alt=\"\"\/><\/figure>\n\n\n\n<p id=\"viewer-5rn0s\"><strong>La veille : Pr\u00e9paration du confit de fruits rouges<\/strong><\/p>\n\n\n\n<p id=\"viewer-48ebd\">1\/ Mixer les fruits et les passer au tamis afin d&rsquo;\u00f4ter les petites graines, puis verser le coulis obtenu dans une casserole.<\/p>\n\n\n\n<p id=\"viewer-78m9s\">2\/ Dans un bol, m\u00e9langer le sucre et le Vitpris.<\/p>\n\n\n\n<p id=\"viewer-9ohal\">3\/ Ajouter ce m\u00e9lange aux fraises et porter \u00e0 \u00e9bullition sans cesser de remuer pendant environ 5mn puis laisser cuire \u00e0 feu doux 10mn.<\/p>\n\n\n\n<p id=\"viewer-fdr40\">4\/ Le confit de fruits rouges est pr\u00eat. Filmer au contact avec du film alimentaire et placer au frais toute une nuit.<\/p>\n\n\n\n<figure class=\"wp-block-image\"><img decoding=\"async\" src=\"https:\/\/static.wixstatic.com\/media\/55988d_f510d60861a4468ea2e8e499c761c4d3~mv2.png\/v1\/fill\/w_210,h_256,al_c,lg_1,q_85,enc_auto\/55988d_f510d60861a4468ea2e8e499c761c4d3~mv2.png\" alt=\"\"\/><\/figure>\n\n\n\n<p id=\"viewer-3bvgi\"><strong>JOUR J : Pr\u00e9paration du sabl\u00e9 breton &amp; r\u00e9alisation de la tarte<\/strong><\/p>\n\n\n\n<p id=\"viewer-e8et9\">1\/ Dans un saladier, tamiser la farine avec la levure, ajouter le sel et m\u00e9langer.<\/p>\n\n\n\n<p id=\"viewer-70u33\">2\/ Battre les jaunes d\u2019\u0153ufs avec le sucre jusqu&rsquo;\u00e0 ce qu&rsquo;ils blanchissent.<\/p>\n\n\n\n<p id=\"viewer-5mnlv\">3\/ Ajouter le beurre ramolli coup\u00e9s en petits d\u00e9s et m\u00e9langer jusqu&rsquo;\u00e0 l&rsquo;obtention d&rsquo;une cr\u00e8me.<\/p>\n\n\n\n<p id=\"viewer-9hui7\">4\/ Incorporer \u00e0 cette pr\u00e9paration la farine tamis\u00e9e jusqu&rsquo;\u00e0 former une boule (la p\u00e2te est collante et c&rsquo;est normal).<\/p>\n\n\n\n<p id=\"viewer-32d73\">5\/ Filmer au contact et placer au frais pendant 1h30.<\/p>\n\n\n\n<figure class=\"wp-block-image\"><img decoding=\"async\" src=\"https:\/\/static.wixstatic.com\/media\/55988d_0202bc0c667b483cbd0fc36f0cf2badd~mv2.png\/v1\/fill\/w_188,h_249,al_c,lg_1,q_85,enc_auto\/55988d_0202bc0c667b483cbd0fc36f0cf2badd~mv2.png\" alt=\"\"\/><\/figure>\n\n\n\n<p id=\"viewer-ca5ru\"><strong>Jour J : Fon\u00e7age et cuisson du sabl\u00e9 breton<\/strong><\/p>\n\n\n\n<p id=\"viewer-dbc97\">1\/ Beurrer un cercle \u00e0 tarte.<\/p>\n\n\n\n<p id=\"viewer-477r0\">2\/ Apr\u00e8s repos de la p\u00e2te, l&rsquo;\u00e9taler entre deux feuilles de papier cuisson puis former un disque d&rsquo;environ 1\/2 cm d&rsquo;\u00e9paisseur.R\u00e9aliser des petits palets bretons avec la p\u00e2te restante.<\/p>\n\n\n\n<p id=\"viewer-d6q68\">3\/ Placer au cong\u00e9lateur (sans \u00f4ter le cercle) pendant 30mn.<\/p>\n\n\n\n<p id=\"viewer-av90k\">4\/ Au bout des 30mn, cuire le sabl\u00e9 breton avec le cerclependant 15 \u00e0 20 mn \u00e0 170\u00b0 \u00e0 chaleur tournante. Il doit \u00eatre bien dor\u00e9 puis laisser refroidir avantde d\u00e9mouler.<\/p>\n\n\n\n<figure class=\"wp-block-image\"><img decoding=\"async\" src=\"https:\/\/static.wixstatic.com\/media\/55988d_00bc9d63b50b45d698b3b46c31d834de~mv2.png\/v1\/fill\/w_195,h_252,al_c,lg_1,q_85,enc_auto\/55988d_00bc9d63b50b45d698b3b46c31d834de~mv2.png\" alt=\"\"\/><\/figure>\n\n\n\n<figure class=\"wp-block-image\"><img decoding=\"async\" src=\"https:\/\/static.wixstatic.com\/media\/55988d_9de9acb7c9c0412d8aa41626d1ab859e~mv2.png\/v1\/fill\/w_185,h_246,al_c,lg_1,q_85,enc_auto\/55988d_9de9acb7c9c0412d8aa41626d1ab859e~mv2.png\" alt=\"\"\/><\/figure>\n\n\n\n<p id=\"viewer-40dsf\"><strong>Jour J : R\u00e9alisation de la tarte<\/strong><\/p>\n\n\n\n<p id=\"viewer-904gf\">1\/ Apr\u00e8s refroidissement, verser le confit de fruits rougeset le r\u00e9partir sur toute la surface.<\/p>\n\n\n\n<figure class=\"wp-block-image\"><img decoding=\"async\" src=\"https:\/\/static.wixstatic.com\/media\/55988d_4ef07d621d7744ea8f94f5301e621f79~mv2.png\/v1\/fill\/w_199,h_245,al_c,lg_1,q_85,enc_auto\/55988d_4ef07d621d7744ea8f94f5301e621f79~mv2.png\" alt=\"\"\/><\/figure>\n\n\n\n<p id=\"viewer-avddc\">2\/ Sortir la cr\u00e8me p\u00e2tissi\u00e8re et la fouetter afin de la d\u00e9tendrepuis la placer dans une poche \u00e0 douille.<\/p>\n\n\n\n<p id=\"viewer-2cp9n\">3\/ Pocher des boules de cr\u00e8me sur le contour de la tarte, ajouter au centre de la cr\u00e8me, puis ajouter les fruits selon votre inspiration.<\/p>\n\n\n\n<figure class=\"wp-block-image\"><img decoding=\"async\" src=\"https:\/\/static.wixstatic.com\/media\/55988d_871ff933b6ca487e99206faafe3408d2~mv2.png\/v1\/fill\/w_189,h_250,al_c,lg_1,q_85,enc_auto\/55988d_871ff933b6ca487e99206faafe3408d2~mv2.png\" alt=\"\"\/><\/figure>\n\n\n\n<p id=\"viewer-41ofu\">La Tarte aux fruits rouges est pr\u00eate ! Bonne d\u00e9gustation !<\/p>\n\n\n\n<figure class=\"wp-block-image\"><img decoding=\"async\" src=\"https:\/\/static.wixstatic.com\/media\/55988d_2383ab4f738a4fe0b0f99d916b2547e7~mv2.png\/v1\/fill\/w_360,h_207,al_c,lg_1,q_85,enc_auto\/55988d_2383ab4f738a4fe0b0f99d916b2547e7~mv2.png\" alt=\"\"\/><\/figure>\n","protected":false},"excerpt":{"rendered":"<p>Pour une Tarte de 24cm Ingr\u00e9dients Pour le sabl\u00e9 breton Pour le confit de fruits rouges 200g de farine 200g de fruits rouges surgel\u00e9s 150g de beurre 40g de sucre 120g de sucre 10g de Vitpris 3 jaunes d\u2019\u0153ufs 1 sachet de levure chimique 3 pinc\u00e9es de fleur de sel Pour la cr\u00e8me p\u00e2tissi\u00e8re Pour [&hellip;]<\/p>\n","protected":false},"author":2,"featured_media":0,"comment_status":"open","ping_status":"open","sticky":false,"template":"","format":"standard","meta":{"footnotes":""},"categories":[16],"tags":[],"class_list":["post-5021","post","type-post","status-publish","format-standard","hentry","category-desserts"],"_links":{"self":[{"href":"https:\/\/recettes.keke-geek.fr\/index.php?rest_route=\/wp\/v2\/posts\/5021","targetHints":{"allow":["GET"]}}],"collection":[{"href":"https:\/\/recettes.keke-geek.fr\/index.php?rest_route=\/wp\/v2\/posts"}],"about":[{"href":"https:\/\/recettes.keke-geek.fr\/index.php?rest_route=\/wp\/v2\/types\/post"}],"author":[{"embeddable":true,"href":"https:\/\/recettes.keke-geek.fr\/index.php?rest_route=\/wp\/v2\/users\/2"}],"replies":[{"embeddable":true,"href":"https:\/\/recettes.keke-geek.fr\/index.php?rest_route=%2Fwp%2Fv2%2Fcomments&post=5021"}],"version-history":[{"count":1,"href":"https:\/\/recettes.keke-geek.fr\/index.php?rest_route=\/wp\/v2\/posts\/5021\/revisions"}],"predecessor-version":[{"id":5022,"href":"https:\/\/recettes.keke-geek.fr\/index.php?rest_route=\/wp\/v2\/posts\/5021\/revisions\/5022"}],"wp:attachment":[{"href":"https:\/\/recettes.keke-geek.fr\/index.php?rest_route=%2Fwp%2Fv2%2Fmedia&parent=5021"}],"wp:term":[{"taxonomy":"category","embeddable":true,"href":"https:\/\/recettes.keke-geek.fr\/index.php?rest_route=%2Fwp%2Fv2%2Fcategories&post=5021"},{"taxonomy":"post_tag","embeddable":true,"href":"https:\/\/recettes.keke-geek.fr\/index.php?rest_route=%2Fwp%2Fv2%2Ftags&post=5021"}],"curies":[{"name":"wp","href":"https:\/\/api.w.org\/{rel}","templated":true}]}}